{"id":273,"date":"2015-03-08T01:05:21","date_gmt":"2015-03-08T01:05:21","guid":{"rendered":"http:\/\/weimarques.es\/freelance\/?p=273"},"modified":"2016-02-06T10:55:25","modified_gmt":"2016-02-06T10:55:25","slug":"trazando-la-trayectoria-profesional-en-publicidad","status":"publish","type":"post","link":"https:\/\/www.weimarques.es\/blog\/trazando-la-trayectoria-profesional-en-publicidad\/","title":{"rendered":"Trazando la trayectoria profesional en publicidad"},"content":{"rendered":"\n\n<div class=\"kk-star-ratings kksr-auto kksr-align-left kksr-valign-top\"\n    data-payload='{&quot;align&quot;:&quot;left&quot;,&quot;id&quot;:&quot;273&quot;,&quot;slug&quot;:&quot;default&quot;,&quot;valign&quot;:&quot;top&quot;,&quot;ignore&quot;:&quot;&quot;,&quot;reference&quot;:&quot;auto&quot;,&quot;class&quot;:&quot;&quot;,&quot;count&quot;:&quot;0&quot;,&quot;legendonly&quot;:&quot;&quot;,&quot;readonly&quot;:&quot;&quot;,&quot;score&quot;:&quot;0&quot;,&quot;starsonly&quot;:&quot;&quot;,&quot;best&quot;:&quot;5&quot;,&quot;gap&quot;:&quot;2&quot;,&quot;greet&quot;:&quot;&quot;,&quot;legend&quot;:&quot;0\\\/5 - (0 votos)&quot;,&quot;size&quot;:&quot;16&quot;,&quot;title&quot;:&quot;Trazando la trayectoria profesional en publicidad&quot;,&quot;width&quot;:&quot;0&quot;,&quot;_legend&quot;:&quot;{score}\\\/{best} - ({count} {votes})&quot;,&quot;font_factor&quot;:&quot;1.25&quot;}'>\n            \n<div class=\"kksr-stars\">\n    \n<div class=\"kksr-stars-inactive\">\n            <div class=\"kksr-star\" data-star=\"1\" style=\"padding-right: 2px\">\n            \n\n<div class=\"kksr-icon\" style=\"width: 16px; height: 16px;\"><\/div>\n        <\/div>\n            <div class=\"kksr-star\" data-star=\"2\" style=\"padding-right: 2px\">\n            \n\n<div class=\"kksr-icon\" style=\"width: 16px; height: 16px;\"><\/div>\n        <\/div>\n            <div class=\"kksr-star\" data-star=\"3\" style=\"padding-right: 2px\">\n            \n\n<div class=\"kksr-icon\" style=\"width: 16px; height: 16px;\"><\/div>\n        <\/div>\n            <div class=\"kksr-star\" data-star=\"4\" style=\"padding-right: 2px\">\n            \n\n<div class=\"kksr-icon\" style=\"width: 16px; height: 16px;\"><\/div>\n        <\/div>\n            <div class=\"kksr-star\" data-star=\"5\" style=\"padding-right: 2px\">\n            \n\n<div class=\"kksr-icon\" style=\"width: 16px; height: 16px;\"><\/div>\n        <\/div>\n    <\/div>\n    \n<div class=\"kksr-stars-active\" style=\"width: 0px;\">\n            <div class=\"kksr-star\" style=\"padding-right: 2px\">\n            \n\n<div class=\"kksr-icon\" style=\"width: 16px; height: 16px;\"><\/div>\n        <\/div>\n            <div class=\"kksr-star\" style=\"padding-right: 2px\">\n            \n\n<div class=\"kksr-icon\" style=\"width: 16px; height: 16px;\"><\/div>\n        <\/div>\n            <div class=\"kksr-star\" style=\"padding-right: 2px\">\n            \n\n<div class=\"kksr-icon\" style=\"width: 16px; height: 16px;\"><\/div>\n        <\/div>\n            <div class=\"kksr-star\" style=\"padding-right: 2px\">\n            \n\n<div class=\"kksr-icon\" style=\"width: 16px; height: 16px;\"><\/div>\n        <\/div>\n            <div class=\"kksr-star\" style=\"padding-right: 2px\">\n            \n\n<div class=\"kksr-icon\" style=\"width: 16px; height: 16px;\"><\/div>\n        <\/div>\n    <\/div>\n<\/div>\n                \n\n<div class=\"kksr-legend\" style=\"font-size: 12.8px;\">\n            <span class=\"kksr-muted\"><\/span>\n    <\/div>\n    <\/div>\n<p>Lo admito, mi principal motivo de venir a Madrid desde mi isla querida <em>(Gran Canaria)<\/em> era entrar a <strong>estudiar publicidad<\/strong> y moverme por la capital en este sector. A uno de los primeros que pregunt\u00e9 fue en la Universidad, de repente me vi asignaturas como \u00abhistoria del arte\u00bb en una carrera de publicidad, cuando la hubiera sustituido por algo mas espec\u00edfico a lo que yo estaba buscando, me pareci\u00f3 rellenar cr\u00e9ditos y yo ya no estoy para perder el tiempo. La mejor pero con mucha diferencia que respondio a mis consultas fue la Universidad Europea de Madrid, a los dos d\u00edas ten\u00eda en mi casa un sobre con toda la informaci\u00f3n disponible en folletos y audiovisual con apoyo en internet, desde donde la solicit\u00e9. Pero se escapaba de mis ideas, <em>(2000pavos al mes durante que a\u00f1os? wtf! )<\/em><\/p>\n<p>Continu\u00e9 preguntando y me fui a hablar en reuniones con <strong>miamiatschool<\/strong>, pero les dije el mismo problema, \u00bftengo que traer yo mi ordenador? tengo un iMac y aun as\u00ed, no se adaptaba a mi perfil socioeconomico. He mirado en sitios y sitios, academias de barrio, me he ido una semana a un freelance particular a dar clases de final cut pro para edici\u00f3n de video profesional, me he metido en miles de talleres gratuitos para aprender fotograf\u00eda y atento a todos los eventos de marketingdigital para ir empapando mi curriculum. <\/p>\n<p>Pero falta ese detalle, el cual parece ser mas que importante <em>(y a mi me pasa cuando veo un cv)<\/em>, miramos siempre de donde venimos, si es una buena empresa y si tiene calidad. Pero yo me pregunto&#8230; \u00bfcon la cantidad de alumnos que tiene que haber hoy en d\u00eda&#8230; que me dice a mi tu curriculum? \u00bfme dice que has podido pagarte unos buenos estudios? \u00bfcomo demuestras que eres merecedor de un buen puesto y que vas a saber digirir el trabajo y realizarlo correctamente? \u00bfestando de becario en pr\u00e1ticas? y tu calidad&#8230; \u00bferes de los que todav\u00eda mira las calificaciones en las notas de los estudios? <\/p>\n<blockquote><p>Ayer publiqu\u00e9 una foto en el parque del retiro estirando cuerpo y mente en donde escribia al pie. <strong>Conocimientos puede tenerlos cualquiera, pero el arte de pensar es el regalo m\u00e1s escaso de la naturaleza.<\/strong><\/p><\/blockquote>\n<p><img loading=\"lazy\" decoding=\"async\" src=\"http:\/\/weimarques.es\/blog\/wp-content\/uploads\/2015\/03\/Captura-de-pantalla-2016-02-06-a-las-11.51.25.png\" alt=\"curriculum 3.0 internet personal branding\" width=\"616\" height=\"425\" class=\"aligncenter size-full wp-image-4794\" srcset=\"https:\/\/www.weimarques.es\/blog\/wp-content\/uploads\/2015\/03\/Captura-de-pantalla-2016-02-06-a-las-11.51.25.png 616w, https:\/\/www.weimarques.es\/blog\/wp-content\/uploads\/2015\/03\/Captura-de-pantalla-2016-02-06-a-las-11.51.25-522x360.png 522w, https:\/\/www.weimarques.es\/blog\/wp-content\/uploads\/2015\/03\/Captura-de-pantalla-2016-02-06-a-las-11.51.25-300x207.png 300w\" sizes=\"auto, (max-width: 616px) 100vw, 616px\" \/><br \/>\nResumo, me parece muy bien que tengas la suerte y oportunidad de trabajar en un sitio excelente el cual impulse tu carrera&#8230; que al ponerlo en tu linkedin y en tu curriculum brille por si solo. Genial donde hayas estudiado y todo lo que has aprendido, pero a mi particularmente me sigue diciendo poco para poder conocerte realmente. <strong>Prefiero un cv3.0<\/strong><\/p>\n<p><a target=\"_blank\" href=\"http:\/\/weimarques.es\/cvlisandroweimarques.pdf\"><img decoding=\"async\" alt=\"curriculum vitae\" src=\"http:\/\/weimarques.es\/img\/cvonline.png\"><\/a><\/p>\n","protected":false},"excerpt":{"rendered":"Lo admito, mi principal motivo de venir a Madrid desde mi isla querida (Gran Canaria) era entrar a&hellip;\n","protected":false},"author":3,"featured_media":4481,"comment_status":"open","ping_status":"open","sticky":false,"template":"","format":"image","meta":{"footnotes":""},"categories":[3252],"tags":[3277,3338,3278],"class_list":{"0":"post-273","1":"post","2":"type-post","3":"status-publish","4":"format-image","5":"has-post-thumbnail","7":"category-marketing-online","8":"tag-agencias","9":"tag-publicidad","10":"tag-trayectoria","11":"post_format-post-format-image"},"yoast_head":"<!-- This site is optimized with the Yoast SEO plugin v27.2 - https:\/\/yoast.com\/product\/yoast-seo-wordpress\/ -->\n<title>Trazando la trayectoria profesional en publicidad &#187; Lisandro Weimarques - blog<\/title>\n<meta name=\"robots\" content=\"index, follow, max-snippet:-1, max-image-preview:large, max-video-preview:-1\" \/>\n<link rel=\"canonical\" href=\"https:\/\/www.weimarques.es\/blog\/trazando-la-trayectoria-profesional-en-publicidad\/\" \/>\n<meta property=\"og:locale\" content=\"es_ES\" \/>\n<meta property=\"og:type\" content=\"article\" \/>\n<meta property=\"og:title\" content=\"Trazando la trayectoria profesional en publicidad &#187; Lisandro Weimarques - blog\" \/>\n<meta property=\"og:description\" content=\"Lo admito, mi principal motivo de venir a Madrid desde mi isla querida (Gran Canaria) era entrar a&hellip;\" \/>\n<meta property=\"og:url\" content=\"https:\/\/www.weimarques.es\/blog\/trazando-la-trayectoria-profesional-en-publicidad\/\" \/>\n<meta property=\"og:site_name\" content=\"Lisandro Weimarques - blog\" \/>\n<meta property=\"article:publisher\" content=\"https:\/\/www.facebook.com\/allwelovedesign\" \/>\n<meta property=\"article:published_time\" content=\"2015-03-08T01:05:21+00:00\" \/>\n<meta property=\"article:modified_time\" content=\"2016-02-06T10:55:25+00:00\" \/>\n<meta property=\"og:image\" content=\"https:\/\/www.weimarques.es\/blog\/wp-content\/uploads\/2014\/04\/trayectoria-publicidad-1024x320.jpg\" \/>\n\t<meta property=\"og:image:width\" content=\"1024\" \/>\n\t<meta property=\"og:image:height\" content=\"320\" \/>\n\t<meta property=\"og:image:type\" content=\"image\/jpeg\" \/>\n<meta name=\"author\" content=\"weimarques\" \/>\n<meta name=\"twitter:card\" content=\"summary_large_image\" \/>\n<meta name=\"twitter:creator\" content=\"@weimarques\" \/>\n<meta name=\"twitter:site\" content=\"@weimarques\" \/>\n<meta name=\"twitter:label1\" content=\"Escrito por\" \/>\n\t<meta name=\"twitter:data1\" content=\"weimarques\" \/>\n\t<meta name=\"twitter:label2\" content=\"Tiempo de lectura\" \/>\n\t<meta name=\"twitter:data2\" content=\"2 minutos\" \/>\n<script type=\"application\/ld+json\" class=\"yoast-schema-graph\">{\"@context\":\"https:\/\/schema.org\",\"@graph\":[{\"@type\":\"Article\",\"@id\":\"https:\/\/www.weimarques.es\/blog\/trazando-la-trayectoria-profesional-en-publicidad\/#article\",\"isPartOf\":{\"@id\":\"https:\/\/www.weimarques.es\/blog\/trazando-la-trayectoria-profesional-en-publicidad\/\"},\"author\":{\"name\":\"weimarques\",\"@id\":\"https:\/\/www.weimarques.es\/blog\/#\/schema\/person\/9b51895db7f838869b1a9a5043ef9140\"},\"headline\":\"Trazando la trayectoria profesional en publicidad\",\"datePublished\":\"2015-03-08T01:05:21+00:00\",\"dateModified\":\"2016-02-06T10:55:25+00:00\",\"mainEntityOfPage\":{\"@id\":\"https:\/\/www.weimarques.es\/blog\/trazando-la-trayectoria-profesional-en-publicidad\/\"},\"wordCount\":449,\"commentCount\":0,\"image\":{\"@id\":\"https:\/\/www.weimarques.es\/blog\/trazando-la-trayectoria-profesional-en-publicidad\/#primaryimage\"},\"thumbnailUrl\":\"https:\/\/www.weimarques.es\/blog\/wp-content\/uploads\/2014\/04\/trayectoria-publicidad-1024x320.jpg\",\"keywords\":[\"agencias\",\"publicidad\",\"trayectoria\"],\"articleSection\":[\"marketing online\"],\"inLanguage\":\"es\"},{\"@type\":\"WebPage\",\"@id\":\"https:\/\/www.weimarques.es\/blog\/trazando-la-trayectoria-profesional-en-publicidad\/\",\"url\":\"https:\/\/www.weimarques.es\/blog\/trazando-la-trayectoria-profesional-en-publicidad\/\",\"name\":\"Trazando la trayectoria profesional en publicidad &#187; Lisandro Weimarques - blog\",\"isPartOf\":{\"@id\":\"https:\/\/www.weimarques.es\/blog\/#website\"},\"primaryImageOfPage\":{\"@id\":\"https:\/\/www.weimarques.es\/blog\/trazando-la-trayectoria-profesional-en-publicidad\/#primaryimage\"},\"image\":{\"@id\":\"https:\/\/www.weimarques.es\/blog\/trazando-la-trayectoria-profesional-en-publicidad\/#primaryimage\"},\"thumbnailUrl\":\"https:\/\/www.weimarques.es\/blog\/wp-content\/uploads\/2014\/04\/trayectoria-publicidad-1024x320.jpg\",\"datePublished\":\"2015-03-08T01:05:21+00:00\",\"dateModified\":\"2016-02-06T10:55:25+00:00\",\"author\":{\"@id\":\"https:\/\/www.weimarques.es\/blog\/#\/schema\/person\/9b51895db7f838869b1a9a5043ef9140\"},\"breadcrumb\":{\"@id\":\"https:\/\/www.weimarques.es\/blog\/trazando-la-trayectoria-profesional-en-publicidad\/#breadcrumb\"},\"inLanguage\":\"es\",\"potentialAction\":[{\"@type\":\"ReadAction\",\"target\":[\"https:\/\/www.weimarques.es\/blog\/trazando-la-trayectoria-profesional-en-publicidad\/\"]}]},{\"@type\":\"ImageObject\",\"inLanguage\":\"es\",\"@id\":\"https:\/\/www.weimarques.es\/blog\/trazando-la-trayectoria-profesional-en-publicidad\/#primaryimage\",\"url\":\"https:\/\/www.weimarques.es\/blog\/wp-content\/uploads\/2014\/04\/trayectoria-publicidad-1024x320.jpg\",\"contentUrl\":\"https:\/\/www.weimarques.es\/blog\/wp-content\/uploads\/2014\/04\/trayectoria-publicidad-1024x320.jpg\",\"width\":1024,\"height\":320,\"caption\":\"trayectoria publicidad\"},{\"@type\":\"BreadcrumbList\",\"@id\":\"https:\/\/www.weimarques.es\/blog\/trazando-la-trayectoria-profesional-en-publicidad\/#breadcrumb\",\"itemListElement\":[{\"@type\":\"ListItem\",\"position\":1,\"name\":\"Portada\",\"item\":\"https:\/\/www.weimarques.es\/blog\/\"},{\"@type\":\"ListItem\",\"position\":2,\"name\":\"Trazando la trayectoria profesional en publicidad\"}]},{\"@type\":\"WebSite\",\"@id\":\"https:\/\/www.weimarques.es\/blog\/#website\",\"url\":\"https:\/\/www.weimarques.es\/blog\/\",\"name\":\"Lisandro Weimarques - blog\",\"description\":\"Freelance Profesional Marketing\",\"potentialAction\":[{\"@type\":\"SearchAction\",\"target\":{\"@type\":\"EntryPoint\",\"urlTemplate\":\"https:\/\/www.weimarques.es\/blog\/?s={search_term_string}\"},\"query-input\":{\"@type\":\"PropertyValueSpecification\",\"valueRequired\":true,\"valueName\":\"search_term_string\"}}],\"inLanguage\":\"es\"},{\"@type\":\"Person\",\"@id\":\"https:\/\/www.weimarques.es\/blog\/#\/schema\/person\/9b51895db7f838869b1a9a5043ef9140\",\"name\":\"weimarques\",\"url\":\"https:\/\/www.weimarques.es\/blog\/author\/admin\/\"}]}<\/script>\n<!-- \/ Yoast SEO plugin. -->","yoast_head_json":{"title":"Trazando la trayectoria profesional en publicidad &#187; Lisandro Weimarques - blog","robots":{"index":"index","follow":"follow","max-snippet":"max-snippet:-1","max-image-preview":"max-image-preview:large","max-video-preview":"max-video-preview:-1"},"canonical":"https:\/\/www.weimarques.es\/blog\/trazando-la-trayectoria-profesional-en-publicidad\/","og_locale":"es_ES","og_type":"article","og_title":"Trazando la trayectoria profesional en publicidad &#187; Lisandro Weimarques - blog","og_description":"Lo admito, mi principal motivo de venir a Madrid desde mi isla querida (Gran Canaria) era entrar a&hellip;","og_url":"https:\/\/www.weimarques.es\/blog\/trazando-la-trayectoria-profesional-en-publicidad\/","og_site_name":"Lisandro Weimarques - blog","article_publisher":"https:\/\/www.facebook.com\/allwelovedesign","article_published_time":"2015-03-08T01:05:21+00:00","article_modified_time":"2016-02-06T10:55:25+00:00","og_image":[{"width":1024,"height":320,"url":"https:\/\/www.weimarques.es\/blog\/wp-content\/uploads\/2014\/04\/trayectoria-publicidad-1024x320.jpg","type":"image\/jpeg"}],"author":"weimarques","twitter_card":"summary_large_image","twitter_creator":"@weimarques","twitter_site":"@weimarques","twitter_misc":{"Escrito por":"weimarques","Tiempo de lectura":"2 minutos"},"schema":{"@context":"https:\/\/schema.org","@graph":[{"@type":"Article","@id":"https:\/\/www.weimarques.es\/blog\/trazando-la-trayectoria-profesional-en-publicidad\/#article","isPartOf":{"@id":"https:\/\/www.weimarques.es\/blog\/trazando-la-trayectoria-profesional-en-publicidad\/"},"author":{"name":"weimarques","@id":"https:\/\/www.weimarques.es\/blog\/#\/schema\/person\/9b51895db7f838869b1a9a5043ef9140"},"headline":"Trazando la trayectoria profesional en publicidad","datePublished":"2015-03-08T01:05:21+00:00","dateModified":"2016-02-06T10:55:25+00:00","mainEntityOfPage":{"@id":"https:\/\/www.weimarques.es\/blog\/trazando-la-trayectoria-profesional-en-publicidad\/"},"wordCount":449,"commentCount":0,"image":{"@id":"https:\/\/www.weimarques.es\/blog\/trazando-la-trayectoria-profesional-en-publicidad\/#primaryimage"},"thumbnailUrl":"https:\/\/www.weimarques.es\/blog\/wp-content\/uploads\/2014\/04\/trayectoria-publicidad-1024x320.jpg","keywords":["agencias","publicidad","trayectoria"],"articleSection":["marketing online"],"inLanguage":"es"},{"@type":"WebPage","@id":"https:\/\/www.weimarques.es\/blog\/trazando-la-trayectoria-profesional-en-publicidad\/","url":"https:\/\/www.weimarques.es\/blog\/trazando-la-trayectoria-profesional-en-publicidad\/","name":"Trazando la trayectoria profesional en publicidad &#187; Lisandro Weimarques - blog","isPartOf":{"@id":"https:\/\/www.weimarques.es\/blog\/#website"},"primaryImageOfPage":{"@id":"https:\/\/www.weimarques.es\/blog\/trazando-la-trayectoria-profesional-en-publicidad\/#primaryimage"},"image":{"@id":"https:\/\/www.weimarques.es\/blog\/trazando-la-trayectoria-profesional-en-publicidad\/#primaryimage"},"thumbnailUrl":"https:\/\/www.weimarques.es\/blog\/wp-content\/uploads\/2014\/04\/trayectoria-publicidad-1024x320.jpg","datePublished":"2015-03-08T01:05:21+00:00","dateModified":"2016-02-06T10:55:25+00:00","author":{"@id":"https:\/\/www.weimarques.es\/blog\/#\/schema\/person\/9b51895db7f838869b1a9a5043ef9140"},"breadcrumb":{"@id":"https:\/\/www.weimarques.es\/blog\/trazando-la-trayectoria-profesional-en-publicidad\/#breadcrumb"},"inLanguage":"es","potentialAction":[{"@type":"ReadAction","target":["https:\/\/www.weimarques.es\/blog\/trazando-la-trayectoria-profesional-en-publicidad\/"]}]},{"@type":"ImageObject","inLanguage":"es","@id":"https:\/\/www.weimarques.es\/blog\/trazando-la-trayectoria-profesional-en-publicidad\/#primaryimage","url":"https:\/\/www.weimarques.es\/blog\/wp-content\/uploads\/2014\/04\/trayectoria-publicidad-1024x320.jpg","contentUrl":"https:\/\/www.weimarques.es\/blog\/wp-content\/uploads\/2014\/04\/trayectoria-publicidad-1024x320.jpg","width":1024,"height":320,"caption":"trayectoria publicidad"},{"@type":"BreadcrumbList","@id":"https:\/\/www.weimarques.es\/blog\/trazando-la-trayectoria-profesional-en-publicidad\/#breadcrumb","itemListElement":[{"@type":"ListItem","position":1,"name":"Portada","item":"https:\/\/www.weimarques.es\/blog\/"},{"@type":"ListItem","position":2,"name":"Trazando la trayectoria profesional en publicidad"}]},{"@type":"WebSite","@id":"https:\/\/www.weimarques.es\/blog\/#website","url":"https:\/\/www.weimarques.es\/blog\/","name":"Lisandro Weimarques - blog","description":"Freelance Profesional Marketing","potentialAction":[{"@type":"SearchAction","target":{"@type":"EntryPoint","urlTemplate":"https:\/\/www.weimarques.es\/blog\/?s={search_term_string}"},"query-input":{"@type":"PropertyValueSpecification","valueRequired":true,"valueName":"search_term_string"}}],"inLanguage":"es"},{"@type":"Person","@id":"https:\/\/www.weimarques.es\/blog\/#\/schema\/person\/9b51895db7f838869b1a9a5043ef9140","name":"weimarques","url":"https:\/\/www.weimarques.es\/blog\/author\/admin\/"}]}},"_links":{"self":[{"href":"https:\/\/www.weimarques.es\/blog\/wp-json\/wp\/v2\/posts\/273","targetHints":{"allow":["GET"]}}],"collection":[{"href":"https:\/\/www.weimarques.es\/blog\/wp-json\/wp\/v2\/posts"}],"about":[{"href":"https:\/\/www.weimarques.es\/blog\/wp-json\/wp\/v2\/types\/post"}],"author":[{"embeddable":true,"href":"https:\/\/www.weimarques.es\/blog\/wp-json\/wp\/v2\/users\/3"}],"replies":[{"embeddable":true,"href":"https:\/\/www.weimarques.es\/blog\/wp-json\/wp\/v2\/comments?post=273"}],"version-history":[{"count":0,"href":"https:\/\/www.weimarques.es\/blog\/wp-json\/wp\/v2\/posts\/273\/revisions"}],"wp:featuredmedia":[{"embeddable":true,"href":"https:\/\/www.weimarques.es\/blog\/wp-json\/wp\/v2\/media\/4481"}],"wp:attachment":[{"href":"https:\/\/www.weimarques.es\/blog\/wp-json\/wp\/v2\/media?parent=273"}],"wp:term":[{"taxonomy":"category","embeddable":true,"href":"https:\/\/www.weimarques.es\/blog\/wp-json\/wp\/v2\/categories?post=273"},{"taxonomy":"post_tag","embeddable":true,"href":"https:\/\/www.weimarques.es\/blog\/wp-json\/wp\/v2\/tags?post=273"}],"curies":[{"name":"wp","href":"https:\/\/api.w.org\/{rel}","templated":true}]}}