{"id":5527,"date":"2018-07-03T09:28:22","date_gmt":"2018-07-03T09:28:22","guid":{"rendered":"https:\/\/weimarques.es\/blog\/?p=5527"},"modified":"2022-07-30T17:13:05","modified_gmt":"2022-07-30T17:13:05","slug":"razones-para-no-colgar-el-cartel-de-cerrado-por-vacaciones","status":"publish","type":"post","link":"https:\/\/www.weimarques.es\/blog\/razones-para-no-colgar-el-cartel-de-cerrado-por-vacaciones\/","title":{"rendered":"Razones para no colgar el cartel de \u00abCERRADO POR VACACIONES\u00bb"},"content":{"rendered":"\n\n<div class=\"kk-star-ratings kksr-auto kksr-align-left kksr-valign-top\"\n    data-payload='{&quot;align&quot;:&quot;left&quot;,&quot;id&quot;:&quot;5527&quot;,&quot;slug&quot;:&quot;default&quot;,&quot;valign&quot;:&quot;top&quot;,&quot;ignore&quot;:&quot;&quot;,&quot;reference&quot;:&quot;auto&quot;,&quot;class&quot;:&quot;&quot;,&quot;count&quot;:&quot;2&quot;,&quot;legendonly&quot;:&quot;&quot;,&quot;readonly&quot;:&quot;&quot;,&quot;score&quot;:&quot;5&quot;,&quot;starsonly&quot;:&quot;&quot;,&quot;best&quot;:&quot;5&quot;,&quot;gap&quot;:&quot;2&quot;,&quot;greet&quot;:&quot;&quot;,&quot;legend&quot;:&quot;5\\\/5 - (2 votos)&quot;,&quot;size&quot;:&quot;16&quot;,&quot;title&quot;:&quot;Razones para no colgar el cartel de \\u0026quot;CERRADO POR VACACIONES\\u0026quot;&quot;,&quot;width&quot;:&quot;89&quot;,&quot;_legend&quot;:&quot;{score}\\\/{best} - ({count} {votes})&quot;,&quot;font_factor&quot;:&quot;1.25&quot;}'>\n            \n<div class=\"kksr-stars\">\n    \n<div class=\"kksr-stars-inactive\">\n            <div class=\"kksr-star\" data-star=\"1\" style=\"padding-right: 2px\">\n            \n\n<div class=\"kksr-icon\" style=\"width: 16px; height: 16px;\"><\/div>\n        <\/div>\n            <div class=\"kksr-star\" data-star=\"2\" style=\"padding-right: 2px\">\n            \n\n<div class=\"kksr-icon\" style=\"width: 16px; height: 16px;\"><\/div>\n        <\/div>\n            <div class=\"kksr-star\" data-star=\"3\" style=\"padding-right: 2px\">\n            \n\n<div class=\"kksr-icon\" style=\"width: 16px; height: 16px;\"><\/div>\n        <\/div>\n            <div class=\"kksr-star\" data-star=\"4\" style=\"padding-right: 2px\">\n            \n\n<div class=\"kksr-icon\" style=\"width: 16px; height: 16px;\"><\/div>\n        <\/div>\n            <div class=\"kksr-star\" data-star=\"5\" style=\"padding-right: 2px\">\n            \n\n<div class=\"kksr-icon\" style=\"width: 16px; height: 16px;\"><\/div>\n        <\/div>\n    <\/div>\n    \n<div class=\"kksr-stars-active\" style=\"width: 89px;\">\n            <div class=\"kksr-star\" style=\"padding-right: 2px\">\n            \n\n<div class=\"kksr-icon\" style=\"width: 16px; height: 16px;\"><\/div>\n        <\/div>\n            <div class=\"kksr-star\" style=\"padding-right: 2px\">\n            \n\n<div class=\"kksr-icon\" style=\"width: 16px; height: 16px;\"><\/div>\n        <\/div>\n            <div class=\"kksr-star\" style=\"padding-right: 2px\">\n            \n\n<div class=\"kksr-icon\" style=\"width: 16px; height: 16px;\"><\/div>\n        <\/div>\n            <div class=\"kksr-star\" style=\"padding-right: 2px\">\n            \n\n<div class=\"kksr-icon\" style=\"width: 16px; height: 16px;\"><\/div>\n        <\/div>\n            <div class=\"kksr-star\" style=\"padding-right: 2px\">\n            \n\n<div class=\"kksr-icon\" style=\"width: 16px; height: 16px;\"><\/div>\n        <\/div>\n    <\/div>\n<\/div>\n                \n\n<div class=\"kksr-legend\" style=\"font-size: 12.8px;\">\n            5\/5 - (2 votos)    <\/div>\n    <\/div>\n<p>Sube la temperatura cerca de los 40\u00ba y en tu mente tienes la t\u00edpica imagen de la calle solitaria, con ese ruido de cigarras de fondo y el viento soplando, sin una sola persona en las calles. \u00bfD\u00f3nde est\u00e1n esos habitantes? \u00bfQu\u00e9 les ha pasado en los meses de julio y agosto? \u00a0<strong>\u00bfPor qu\u00e9 hay tantos carteles de folio blanco con letras negras gordas que ponen cerrado por vacaciones?<\/strong><\/p>\n<h1 id=\"las-vacaciones-de-manolito-gafotas\">Las vacaciones de Manolito Gafotas<\/h1>\n<p>Es una imagen muy t\u00edpica de los a\u00f1os 80, llegan los meses de verano y ya no puedes hacer absolutamente nada, si te quieres tomar una cerveza en el bar, no puedes porque el due\u00f1o ha cerrado y se ha ido con toda la familia, mujer, suegra, hijos, hijas, sobrinos y sobrinas a la playa. A la costa, preferiblemente al levante por toda esa zona de Benidorm. Quieres ir a la tintorer\u00eda a limpiar la alfombra de casa y tampoco puedes, porque el due\u00f1o est\u00e1 debajo de una sombrilla en la playa junto al due\u00f1o del bar. Te quieres comprar unos zapatos y tampoco puedes porque la due\u00f1a de la tienda y toda la plantilla se ha tomado el mes de agosto de vacaciones para descansar en la playa.<\/p>\n<p>Pero si quieres comprar una l\u00e1mpara, vas al Ikea que no cierra. Si te quieres comprar un m\u00f3vil, vas a El Corte Ingl\u00e9s que no cierra. Si te quieres comprar un ordenador, vas al Fnac que no cierra. Y muchos siempre tienen la idea de que estas empresas no cierran en verano porque son grandes empresas con una gran plantilla, pero te has preguntado si Amancio en sus inicios se iba el mes de agosto entero de vacaciones y colgaba el cartel del que estamos hablando.<\/p>\n<p><img loading=\"lazy\" decoding=\"async\" class=\"aligncenter size-medium wp-image-5531\" src=\"https:\/\/weimarques.es\/blog\/wp-content\/uploads\/2018\/07\/las-vacaciones-de-un-freelance-540x329.jpg\" alt=\"\" width=\"540\" height=\"329\" srcset=\"https:\/\/www.weimarques.es\/blog\/wp-content\/uploads\/2018\/07\/las-vacaciones-de-un-freelance-540x329.jpg 540w, https:\/\/www.weimarques.es\/blog\/wp-content\/uploads\/2018\/07\/las-vacaciones-de-un-freelance-768x467.jpg 768w, https:\/\/www.weimarques.es\/blog\/wp-content\/uploads\/2018\/07\/las-vacaciones-de-un-freelance-1024x623.jpg 1024w, https:\/\/www.weimarques.es\/blog\/wp-content\/uploads\/2018\/07\/las-vacaciones-de-un-freelance-640x389.jpg 640w, https:\/\/www.weimarques.es\/blog\/wp-content\/uploads\/2018\/07\/las-vacaciones-de-un-freelance.jpg 1683w\" sizes=\"auto, (max-width: 540px) 100vw, 540px\" \/><\/p>\n<h2 id=\"como-es-posible-que-estos-negocios-no-se-hayan-ni-planteado-jamas-el-cartel-de-cerrado-por-vacaciones\">\u00bfC\u00f3mo es posible que estos negocios no se hayan ni planteado jam\u00e1s el cartel de CERRADO POR VACACIONES?<\/h2>\n<p>Quiz\u00e1s piensas que son grandes empresas y al tener muchos empleados se pueden cuadrar los d\u00edas de vacaciones para no dejar de ofrecer el mismo servicio a los clientes en cualquier \u00e9poca del a\u00f1o. Lo cierto es que cualquier empresa, sin importar su tama\u00f1o, puede gestionar sus recursos humanos para no tener que cerrar totalmente en los d\u00edas de descanso.<\/p>\n<p>Si tu empresa es una peluquer\u00eda, y son 4 o 5 empleados, lo ideal es crear un calendario de vacaciones en donde alguien se quede de responsable los d\u00edas en que el jefe est\u00e9 de vacaciones, y que se turnen para disfrutar de 7 d\u00edas 10 d\u00edas 15 d\u00edas o 20 d\u00edas de vacaciones que puede incluso no ser seguidos.<\/p>\n<blockquote><p>Algo que he disfrutado mucho en la etapa de freelance es la libertad de poder salir a Dinamarca en enero de este a\u00f1o de viernes a mi\u00e9rcoles teniendo solamente 3 d\u00edas de piloto autom\u00e1tico y dejando todos los asuntos en orden antes de comenzar esos d\u00edas de descanso. <strong>Se llaman micro vacaciones y est\u00e1n muy de moda en las empresas \u00faltimamente, es una evoluci\u00f3n de los puentes con la diferencia que viajar un simple fin de semana de enero sin ser puente sale un 80% m\u00e1s barato y descubres otros lugares en diferentes \u00e9pocas del a\u00f1o sin tener que ser Agosto.\u00a0<\/strong><\/p><\/blockquote>\n<p>Pero, quien se beneficia de esta gesti\u00f3n no es solamente la empresa, sino todos nosotros, los clientes. Pues agradecemos que se haga una buena gesti\u00f3n del calendario vacacional para poder contar con los servicios de la empresa en cualquier momento. Pues imagina que tu cliente se va de vacaciones en septiembre y t\u00fa tienes la empresa cerrada en agosto justo cuando \u00e9l te necesita.<\/p>\n<h3 id=\"como-conseguir-continuar-haciendo-marketing\">C\u00f3mo conseguir continuar haciendo Marketing<\/h3>\n<p>Igual ocurre con todo tu<a href=\"https:\/\/weimarques.es\/blog\/plan-de-marketing-freelance-profesional\/\" target=\"_blank\" rel=\"noopener\"><strong> Plan de Marketing<\/strong>, llevas una constancia en las publicaciones en redes sociales, lo que te ha hecho conseguir un alto alcance y adem\u00e1s, tu SEO est\u00e1 perfecto pues google ve recurrencia en las publicaciones en el blog y en las optimizaciones.<\/a> Pero de repente ven como dejas todo apartado no uno, ni dos ni tres d\u00edas, ni una semana, ni dos, sino todo un mes. Recuperar luego el ritmo ser\u00e1 complicado.<\/p>\n<blockquote class=\"twitter-tweet\" data-lang=\"es\">\n<p dir=\"ltr\" lang=\"es\">Un gran <a href=\"https:\/\/twitter.com\/hashtag\/servicioalcliente?src=hash&amp;ref_src=twsrc%5Etfw\">#servicioalcliente<\/a> no se logra r\u00e1pido, requiere paciencia y constancia. <a href=\"https:\/\/twitter.com\/hashtag\/liderazgo?src=hash&amp;ref_src=twsrc%5Etfw\">#liderazgo<\/a> <a href=\"https:\/\/twitter.com\/hashtag\/marketing?src=hash&amp;ref_src=twsrc%5Etfw\">#marketing<\/a> <a href=\"https:\/\/twitter.com\/hashtag\/ventas?src=hash&amp;ref_src=twsrc%5Etfw\">#ventas<\/a> <a href=\"https:\/\/twitter.com\/hashtag\/pymes?src=hash&amp;ref_src=twsrc%5Etfw\">#pymes<\/a> <a href=\"https:\/\/t.co\/MCG8gjBGYU\">pic.twitter.com\/MCG8gjBGYU<\/a><\/p>\n<p>\u2014 Victor Quijano (@VictorVquijano) <a href=\"https:\/\/twitter.com\/VictorVquijano\/status\/1013773055598919680?ref_src=twsrc%5Etfw\">2 de julio de 2018<\/a><\/p><\/blockquote>\n<p><script async=\"\" src=\"https:\/\/platform.twitter.com\/widgets.js\" charset=\"utf-8\"><\/script><\/p>\n<h2 id=\"entonces-que-hago-en-julio-y-agosto\">Entonces, \u00bfQu\u00e9 hago en Julio y Agosto?<\/h2>\n<p>Estos meses son clave y preparatorios para entrar en el segundo tiempo del a\u00f1o con ganas y energ\u00eda. Desde el inicio de septiembre se revolucionan todos los sectores y aumenta la actividad, es importante estar preparados con antelaci\u00f3n a todo lo que tendr\u00edas que hacer en este mes si hubieras estado uno o dos meses en pausa.<\/p>\n<p>Programa contenido en Facebook, redacta contenido para el blog, calendariza los mailings, saca fotos y videos para ir llenando tu carpeta de materiales, manda a dise\u00f1ar nuevas tarjetas de visita, cat\u00e1logo, flyers. Cambia algo en la decoraci\u00f3n, piensa en analizar los meses anteriores y valorar lo que m\u00e1s demandan tus clientes para poder reforzar el producto y servicio. Haz una copia manual de tu servidor y base de datos. Limpia todo el email y organiza todas las tareas.<\/p>\n<p>Todo esto no es para las vacaciones, es para adelantar trabajo para los pr\u00f3ximos meses de septiembre, octubre, noviembre y diciembre. \u00bfHasta diciembre? Parece lejos pero piensa que las campa\u00f1as para Navidad se planifican desde septiembre\/octubre y previamente alguien ha tenido que hacerla, crear la idea, elegir productos, hacer la publicidad y la presentaci\u00f3n de todo para mostrar a la directiva.<\/p>\n<p>En estos d\u00edas he sabido que Mercadona planea aprovechar para reformar sus centros en agosto para que todos tengan el mismo aspecto, maquinaria y servicios.<\/p>\n<h1 id=\"si-el-corte-ingles-ha-logrado-no-cerrar-nunca-por-vacaciones-tu-tambien-puedes\">Si El Corte Ingl\u00e9s ha logrado no cerrar nunca por vacaciones, t\u00fa tambi\u00e9n puedes<\/h1>\n<p>Existen<a href=\"https:\/\/www.woffu.com\/es\/clientes\" target=\"_blank\" rel=\"noopener\"> aplicaciones que te permiten gestionar los d\u00edas de vacaciones de los empleados para encajar por departamentos, tareas, etc..<\/a> Con el objetivo de que los empleados no se ausenten en las mismas fechas si en su trabajo se complementan o pueden hacer el mismo trabajo. Por lo que uno se puede ir dos semanas en junio y otro puede irse dos semanas en julio. El resto de d\u00edas a repartir durante todo el a\u00f1o. \u00a0\u00bfTe gusta la idea?<\/p>\n<h2 id=\"el-origen-de-los-30-dias-de-vacaciones\">El origen de los 30 d\u00edas de vacaciones<\/h2>\n<p>Hay empresas muy grandes que te obligan a irte los 30 d\u00edas seguidos de vacaciones en el mes de agosto o septiembre porque es m\u00e1s c\u00f3modo y son fechas de menos productividad. Pero te dir\u00e9 un secreto, en la primera semana todo va bien, la segunda semana empiezas a cambiar el chip de la rutina y al d\u00eda 20 ya te est\u00e1s subiendo por las paredes queriendo llegar de nuevo al trabajo.<\/p>\n<p>Y lo peor, que despu\u00e9s de tantos d\u00edas de vacaciones y relax tienes un s\u00edndrome postvacacional tan grande que el olor a mar o a cloro no se te quita ni en dos semanas de trabajo. Adem\u00e1s que te cuesta integrarte \u00a0nuevamente a las labores, \u00bfy c\u00f3mo se hac\u00eda esto? \u00bfY qu\u00e9 hac\u00eda yo aqu\u00ed?<\/p>\n<p><img loading=\"lazy\" decoding=\"async\" class=\"aligncenter size-medium wp-image-5534\" src=\"https:\/\/weimarques.es\/blog\/wp-content\/uploads\/2018\/07\/el-lunes-del-ano-321x360.jpg\" alt=\"\" width=\"321\" height=\"360\" srcset=\"https:\/\/www.weimarques.es\/blog\/wp-content\/uploads\/2018\/07\/el-lunes-del-ano-321x360.jpg 321w, https:\/\/www.weimarques.es\/blog\/wp-content\/uploads\/2018\/07\/el-lunes-del-ano-640x718.jpg 640w, https:\/\/www.weimarques.es\/blog\/wp-content\/uploads\/2018\/07\/el-lunes-del-ano.jpg 643w\" sizes=\"auto, (max-width: 321px) 100vw, 321px\" \/><\/p>\n<h1 id=\"finalmente-colgamos-o-no-el-cartel\">Finalmente, \u00bfcolgamos o no el cartel?<\/h1>\n<p>Hoy en d\u00eda, con la cantidad de aplicaciones que existen para gestionar las vacaciones de los empleados, desde 3 personas hasta 300. Con la facilidad para coordinarse y organizarse en equipos. Con la gran ayuda de utilizar Internet para continuar ofreciendo servicios. Es impensable que por ejemplo car2go deje de operar un mes entero, o que no puedas comprar online lo que necesites. Como mucho, no sirven a domicilio el d\u00eda 1 de enero y fechas importantes, pero entrar con tus claves y hacer un pedido resulta hoy en d\u00eda imposible de imaginar.<\/p>\n<p><strong><em>Por eso, al integrar todos los recursos que nos da internet en el plan de marketing, se puede ofrecer un servicio de calidad sin colgar el cartel.<\/em><\/strong><\/p>\n<h2 id=\"conclusion\">Conclusi\u00f3n<\/h2>\n<p>La experiencia nos dice que organizando y planificando bien los recursos se puede conseguir dar servicio desde donde sea y no tener que colgar el cartel de cerrado por vacaciones.<\/p>\n<p><img loading=\"lazy\" decoding=\"async\" class=\"aligncenter wp-image-5535 size-full\" src=\"https:\/\/weimarques.es\/blog\/wp-content\/uploads\/2018\/07\/razones-por-las-que-no-cerrar-por-vacaciones.jpg\" alt=\"\" width=\"680\" height=\"610\" srcset=\"https:\/\/www.weimarques.es\/blog\/wp-content\/uploads\/2018\/07\/razones-por-las-que-no-cerrar-por-vacaciones.jpg 680w, https:\/\/www.weimarques.es\/blog\/wp-content\/uploads\/2018\/07\/razones-por-las-que-no-cerrar-por-vacaciones-401x360.jpg 401w, https:\/\/www.weimarques.es\/blog\/wp-content\/uploads\/2018\/07\/razones-por-las-que-no-cerrar-por-vacaciones-640x574.jpg 640w\" sizes=\"auto, (max-width: 680px) 100vw, 680px\" \/><\/p>\n","protected":false},"excerpt":{"rendered":"Sube la temperatura cerca de los 40\u00ba y en tu mente tienes la t\u00edpica imagen de la calle&hellip;\n","protected":false},"author":4,"featured_media":7669,"comment_status":"open","ping_status":"closed","sticky":false,"template":"","format":"image","meta":{"footnotes":""},"categories":[3231,15,3223,3253,3252,2980,3229,25],"tags":[3429,3430,3428,3427],"class_list":{"0":"post-5527","1":"post","2":"type-post","3":"status-publish","4":"format-image","5":"has-post-thumbnail","7":"category-blog","8":"category-canarias","9":"category-corporativas","10":"category-mantenimiento","11":"category-marketing-online","12":"category-marketingonline","13":"category-profesionales","14":"category-weimarques","15":"tag-aplicacion-para-gestionar","16":"tag-cartel-cerrado-por-vacaciones","17":"tag-gestion-recursos-humanos","18":"tag-vacaciones","19":"post_format-post-format-image"},"yoast_head":"<!-- This site is optimized with the Yoast SEO plugin v27.2 - https:\/\/yoast.com\/product\/yoast-seo-wordpress\/ -->\n<title>Razones para no cerrar por vacaciones \u00bb lisandro weimarques<\/title>\n<meta name=\"description\" content=\"Gestiona y planifica tus recursos para organizar el trabajo y no dejar de ofrecer tus servicios. Integra las microvacaciones en tu empresa.\" \/>\n<meta name=\"robots\" content=\"index, follow, max-snippet:-1, max-image-preview:large, max-video-preview:-1\" \/>\n<link rel=\"canonical\" href=\"https:\/\/www.weimarques.es\/blog\/razones-para-no-colgar-el-cartel-de-cerrado-por-vacaciones\/\" \/>\n<meta property=\"og:locale\" content=\"es_ES\" \/>\n<meta property=\"og:type\" content=\"article\" \/>\n<meta property=\"og:title\" content=\"Razones para no cerrar por vacaciones \u00bb lisandro weimarques\" \/>\n<meta property=\"og:description\" content=\"Gestiona y planifica tus recursos para organizar el trabajo y no dejar de ofrecer tus servicios. Integra las microvacaciones en tu empresa.\" \/>\n<meta property=\"og:url\" content=\"https:\/\/www.weimarques.es\/blog\/razones-para-no-colgar-el-cartel-de-cerrado-por-vacaciones\/\" \/>\n<meta property=\"og:site_name\" content=\"Lisandro Weimarques - blog\" \/>\n<meta property=\"article:publisher\" content=\"https:\/\/www.facebook.com\/allwelovedesign\" \/>\n<meta property=\"article:published_time\" content=\"2018-07-03T09:28:22+00:00\" \/>\n<meta property=\"article:modified_time\" content=\"2022-07-30T17:13:05+00:00\" \/>\n<meta property=\"og:image\" content=\"https:\/\/www.weimarques.es\/blog\/wp-content\/uploads\/2018\/07\/vacaciones.png\" \/>\n\t<meta property=\"og:image:width\" content=\"720\" \/>\n\t<meta property=\"og:image:height\" content=\"340\" \/>\n\t<meta property=\"og:image:type\" content=\"image\/png\" \/>\n<meta name=\"author\" content=\"Lisandro Weimarques\" \/>\n<meta name=\"twitter:card\" content=\"summary_large_image\" \/>\n<meta name=\"twitter:creator\" content=\"@weimarques\" \/>\n<meta name=\"twitter:site\" content=\"@weimarques\" \/>\n<meta name=\"twitter:label1\" content=\"Escrito por\" \/>\n\t<meta name=\"twitter:data1\" content=\"Lisandro Weimarques\" \/>\n\t<meta name=\"twitter:label2\" content=\"Tiempo de lectura\" \/>\n\t<meta name=\"twitter:data2\" content=\"7 minutos\" \/>\n<script type=\"application\/ld+json\" class=\"yoast-schema-graph\">{\"@context\":\"https:\/\/schema.org\",\"@graph\":[{\"@type\":\"Article\",\"@id\":\"https:\/\/www.weimarques.es\/blog\/razones-para-no-colgar-el-cartel-de-cerrado-por-vacaciones\/#article\",\"isPartOf\":{\"@id\":\"https:\/\/www.weimarques.es\/blog\/razones-para-no-colgar-el-cartel-de-cerrado-por-vacaciones\/\"},\"author\":{\"name\":\"Lisandro Weimarques\",\"@id\":\"https:\/\/www.weimarques.es\/blog\/#\/schema\/person\/7699860267ff739e536b8891d7491fd5\"},\"headline\":\"Razones para no colgar el cartel de \u00abCERRADO POR VACACIONES\u00bb\",\"datePublished\":\"2018-07-03T09:28:22+00:00\",\"dateModified\":\"2022-07-30T17:13:05+00:00\",\"mainEntityOfPage\":{\"@id\":\"https:\/\/www.weimarques.es\/blog\/razones-para-no-colgar-el-cartel-de-cerrado-por-vacaciones\/\"},\"wordCount\":1382,\"commentCount\":0,\"image\":{\"@id\":\"https:\/\/www.weimarques.es\/blog\/razones-para-no-colgar-el-cartel-de-cerrado-por-vacaciones\/#primaryimage\"},\"thumbnailUrl\":\"https:\/\/www.weimarques.es\/blog\/wp-content\/uploads\/2018\/07\/vacaciones.png\",\"keywords\":[\"aplicaci\u00f3n para gestionar\",\"cartel cerrado por vacaciones\",\"gestion recursos humanos\",\"vacaciones\"],\"articleSection\":[\"blog\",\"canarias\",\"corporativas\",\"mantenimiento\",\"marketing online\",\"marketingonline\",\"profesionales\",\"weimarques\"],\"inLanguage\":\"es\"},{\"@type\":\"WebPage\",\"@id\":\"https:\/\/www.weimarques.es\/blog\/razones-para-no-colgar-el-cartel-de-cerrado-por-vacaciones\/\",\"url\":\"https:\/\/www.weimarques.es\/blog\/razones-para-no-colgar-el-cartel-de-cerrado-por-vacaciones\/\",\"name\":\"Razones para no cerrar por vacaciones \u00bb lisandro weimarques\",\"isPartOf\":{\"@id\":\"https:\/\/www.weimarques.es\/blog\/#website\"},\"primaryImageOfPage\":{\"@id\":\"https:\/\/www.weimarques.es\/blog\/razones-para-no-colgar-el-cartel-de-cerrado-por-vacaciones\/#primaryimage\"},\"image\":{\"@id\":\"https:\/\/www.weimarques.es\/blog\/razones-para-no-colgar-el-cartel-de-cerrado-por-vacaciones\/#primaryimage\"},\"thumbnailUrl\":\"https:\/\/www.weimarques.es\/blog\/wp-content\/uploads\/2018\/07\/vacaciones.png\",\"datePublished\":\"2018-07-03T09:28:22+00:00\",\"dateModified\":\"2022-07-30T17:13:05+00:00\",\"author\":{\"@id\":\"https:\/\/www.weimarques.es\/blog\/#\/schema\/person\/7699860267ff739e536b8891d7491fd5\"},\"description\":\"Gestiona y planifica tus recursos para organizar el trabajo y no dejar de ofrecer tus servicios. Integra las microvacaciones en tu empresa.\",\"breadcrumb\":{\"@id\":\"https:\/\/www.weimarques.es\/blog\/razones-para-no-colgar-el-cartel-de-cerrado-por-vacaciones\/#breadcrumb\"},\"inLanguage\":\"es\",\"potentialAction\":[{\"@type\":\"ReadAction\",\"target\":[\"https:\/\/www.weimarques.es\/blog\/razones-para-no-colgar-el-cartel-de-cerrado-por-vacaciones\/\"]}]},{\"@type\":\"ImageObject\",\"inLanguage\":\"es\",\"@id\":\"https:\/\/www.weimarques.es\/blog\/razones-para-no-colgar-el-cartel-de-cerrado-por-vacaciones\/#primaryimage\",\"url\":\"https:\/\/www.weimarques.es\/blog\/wp-content\/uploads\/2018\/07\/vacaciones.png\",\"contentUrl\":\"https:\/\/www.weimarques.es\/blog\/wp-content\/uploads\/2018\/07\/vacaciones.png\",\"width\":720,\"height\":340},{\"@type\":\"BreadcrumbList\",\"@id\":\"https:\/\/www.weimarques.es\/blog\/razones-para-no-colgar-el-cartel-de-cerrado-por-vacaciones\/#breadcrumb\",\"itemListElement\":[{\"@type\":\"ListItem\",\"position\":1,\"name\":\"Portada\",\"item\":\"https:\/\/www.weimarques.es\/blog\/\"},{\"@type\":\"ListItem\",\"position\":2,\"name\":\"Razones para no colgar el cartel de &#8220;CERRADO POR VACACIONES&#8221;\"}]},{\"@type\":\"WebSite\",\"@id\":\"https:\/\/www.weimarques.es\/blog\/#website\",\"url\":\"https:\/\/www.weimarques.es\/blog\/\",\"name\":\"Lisandro Weimarques - blog\",\"description\":\"Freelance Profesional Marketing\",\"potentialAction\":[{\"@type\":\"SearchAction\",\"target\":{\"@type\":\"EntryPoint\",\"urlTemplate\":\"https:\/\/www.weimarques.es\/blog\/?s={search_term_string}\"},\"query-input\":{\"@type\":\"PropertyValueSpecification\",\"valueRequired\":true,\"valueName\":\"search_term_string\"}}],\"inLanguage\":\"es\"},{\"@type\":\"Person\",\"@id\":\"https:\/\/www.weimarques.es\/blog\/#\/schema\/person\/7699860267ff739e536b8891d7491fd5\",\"name\":\"Lisandro Weimarques\",\"sameAs\":[\"http:\/\/weimarques.es\"],\"url\":\"https:\/\/www.weimarques.es\/blog\/author\/lisandro-weimarques\/\"}]}<\/script>\n<!-- \/ Yoast SEO plugin. -->","yoast_head_json":{"title":"Razones para no cerrar por vacaciones \u00bb lisandro weimarques","description":"Gestiona y planifica tus recursos para organizar el trabajo y no dejar de ofrecer tus servicios. Integra las microvacaciones en tu empresa.","robots":{"index":"index","follow":"follow","max-snippet":"max-snippet:-1","max-image-preview":"max-image-preview:large","max-video-preview":"max-video-preview:-1"},"canonical":"https:\/\/www.weimarques.es\/blog\/razones-para-no-colgar-el-cartel-de-cerrado-por-vacaciones\/","og_locale":"es_ES","og_type":"article","og_title":"Razones para no cerrar por vacaciones \u00bb lisandro weimarques","og_description":"Gestiona y planifica tus recursos para organizar el trabajo y no dejar de ofrecer tus servicios. Integra las microvacaciones en tu empresa.","og_url":"https:\/\/www.weimarques.es\/blog\/razones-para-no-colgar-el-cartel-de-cerrado-por-vacaciones\/","og_site_name":"Lisandro Weimarques - blog","article_publisher":"https:\/\/www.facebook.com\/allwelovedesign","article_published_time":"2018-07-03T09:28:22+00:00","article_modified_time":"2022-07-30T17:13:05+00:00","og_image":[{"width":720,"height":340,"url":"https:\/\/www.weimarques.es\/blog\/wp-content\/uploads\/2018\/07\/vacaciones.png","type":"image\/png"}],"author":"Lisandro Weimarques","twitter_card":"summary_large_image","twitter_creator":"@weimarques","twitter_site":"@weimarques","twitter_misc":{"Escrito por":"Lisandro Weimarques","Tiempo de lectura":"7 minutos"},"schema":{"@context":"https:\/\/schema.org","@graph":[{"@type":"Article","@id":"https:\/\/www.weimarques.es\/blog\/razones-para-no-colgar-el-cartel-de-cerrado-por-vacaciones\/#article","isPartOf":{"@id":"https:\/\/www.weimarques.es\/blog\/razones-para-no-colgar-el-cartel-de-cerrado-por-vacaciones\/"},"author":{"name":"Lisandro Weimarques","@id":"https:\/\/www.weimarques.es\/blog\/#\/schema\/person\/7699860267ff739e536b8891d7491fd5"},"headline":"Razones para no colgar el cartel de \u00abCERRADO POR VACACIONES\u00bb","datePublished":"2018-07-03T09:28:22+00:00","dateModified":"2022-07-30T17:13:05+00:00","mainEntityOfPage":{"@id":"https:\/\/www.weimarques.es\/blog\/razones-para-no-colgar-el-cartel-de-cerrado-por-vacaciones\/"},"wordCount":1382,"commentCount":0,"image":{"@id":"https:\/\/www.weimarques.es\/blog\/razones-para-no-colgar-el-cartel-de-cerrado-por-vacaciones\/#primaryimage"},"thumbnailUrl":"https:\/\/www.weimarques.es\/blog\/wp-content\/uploads\/2018\/07\/vacaciones.png","keywords":["aplicaci\u00f3n para gestionar","cartel cerrado por vacaciones","gestion recursos humanos","vacaciones"],"articleSection":["blog","canarias","corporativas","mantenimiento","marketing online","marketingonline","profesionales","weimarques"],"inLanguage":"es"},{"@type":"WebPage","@id":"https:\/\/www.weimarques.es\/blog\/razones-para-no-colgar-el-cartel-de-cerrado-por-vacaciones\/","url":"https:\/\/www.weimarques.es\/blog\/razones-para-no-colgar-el-cartel-de-cerrado-por-vacaciones\/","name":"Razones para no cerrar por vacaciones \u00bb lisandro weimarques","isPartOf":{"@id":"https:\/\/www.weimarques.es\/blog\/#website"},"primaryImageOfPage":{"@id":"https:\/\/www.weimarques.es\/blog\/razones-para-no-colgar-el-cartel-de-cerrado-por-vacaciones\/#primaryimage"},"image":{"@id":"https:\/\/www.weimarques.es\/blog\/razones-para-no-colgar-el-cartel-de-cerrado-por-vacaciones\/#primaryimage"},"thumbnailUrl":"https:\/\/www.weimarques.es\/blog\/wp-content\/uploads\/2018\/07\/vacaciones.png","datePublished":"2018-07-03T09:28:22+00:00","dateModified":"2022-07-30T17:13:05+00:00","author":{"@id":"https:\/\/www.weimarques.es\/blog\/#\/schema\/person\/7699860267ff739e536b8891d7491fd5"},"description":"Gestiona y planifica tus recursos para organizar el trabajo y no dejar de ofrecer tus servicios. Integra las microvacaciones en tu empresa.","breadcrumb":{"@id":"https:\/\/www.weimarques.es\/blog\/razones-para-no-colgar-el-cartel-de-cerrado-por-vacaciones\/#breadcrumb"},"inLanguage":"es","potentialAction":[{"@type":"ReadAction","target":["https:\/\/www.weimarques.es\/blog\/razones-para-no-colgar-el-cartel-de-cerrado-por-vacaciones\/"]}]},{"@type":"ImageObject","inLanguage":"es","@id":"https:\/\/www.weimarques.es\/blog\/razones-para-no-colgar-el-cartel-de-cerrado-por-vacaciones\/#primaryimage","url":"https:\/\/www.weimarques.es\/blog\/wp-content\/uploads\/2018\/07\/vacaciones.png","contentUrl":"https:\/\/www.weimarques.es\/blog\/wp-content\/uploads\/2018\/07\/vacaciones.png","width":720,"height":340},{"@type":"BreadcrumbList","@id":"https:\/\/www.weimarques.es\/blog\/razones-para-no-colgar-el-cartel-de-cerrado-por-vacaciones\/#breadcrumb","itemListElement":[{"@type":"ListItem","position":1,"name":"Portada","item":"https:\/\/www.weimarques.es\/blog\/"},{"@type":"ListItem","position":2,"name":"Razones para no colgar el cartel de &#8220;CERRADO POR VACACIONES&#8221;"}]},{"@type":"WebSite","@id":"https:\/\/www.weimarques.es\/blog\/#website","url":"https:\/\/www.weimarques.es\/blog\/","name":"Lisandro Weimarques - blog","description":"Freelance Profesional Marketing","potentialAction":[{"@type":"SearchAction","target":{"@type":"EntryPoint","urlTemplate":"https:\/\/www.weimarques.es\/blog\/?s={search_term_string}"},"query-input":{"@type":"PropertyValueSpecification","valueRequired":true,"valueName":"search_term_string"}}],"inLanguage":"es"},{"@type":"Person","@id":"https:\/\/www.weimarques.es\/blog\/#\/schema\/person\/7699860267ff739e536b8891d7491fd5","name":"Lisandro Weimarques","sameAs":["http:\/\/weimarques.es"],"url":"https:\/\/www.weimarques.es\/blog\/author\/lisandro-weimarques\/"}]}},"_links":{"self":[{"href":"https:\/\/www.weimarques.es\/blog\/wp-json\/wp\/v2\/posts\/5527","targetHints":{"allow":["GET"]}}],"collection":[{"href":"https:\/\/www.weimarques.es\/blog\/wp-json\/wp\/v2\/posts"}],"about":[{"href":"https:\/\/www.weimarques.es\/blog\/wp-json\/wp\/v2\/types\/post"}],"author":[{"embeddable":true,"href":"https:\/\/www.weimarques.es\/blog\/wp-json\/wp\/v2\/users\/4"}],"replies":[{"embeddable":true,"href":"https:\/\/www.weimarques.es\/blog\/wp-json\/wp\/v2\/comments?post=5527"}],"version-history":[{"count":0,"href":"https:\/\/www.weimarques.es\/blog\/wp-json\/wp\/v2\/posts\/5527\/revisions"}],"wp:featuredmedia":[{"embeddable":true,"href":"https:\/\/www.weimarques.es\/blog\/wp-json\/wp\/v2\/media\/7669"}],"wp:attachment":[{"href":"https:\/\/www.weimarques.es\/blog\/wp-json\/wp\/v2\/media?parent=5527"}],"wp:term":[{"taxonomy":"category","embeddable":true,"href":"https:\/\/www.weimarques.es\/blog\/wp-json\/wp\/v2\/categories?post=5527"},{"taxonomy":"post_tag","embeddable":true,"href":"https:\/\/www.weimarques.es\/blog\/wp-json\/wp\/v2\/tags?post=5527"}],"curies":[{"name":"wp","href":"https:\/\/api.w.org\/{rel}","templated":true}]}}